{"id":3351,"date":"2021-06-27T16:48:56","date_gmt":"2021-06-27T14:48:56","guid":{"rendered":"https:\/\/www.fontainecouture.fr\/valeurs-parc-guest-house\/"},"modified":"2021-06-27T16:49:00","modified_gmt":"2021-06-27T14:49:00","slug":"valeurs-parc-guest-house","status":"publish","type":"post","link":"https:\/\/www.fontainecouture.fr\/en\/valeurs-parc-guest-house\/","title":{"rendered":"Our guest house obtains the Valeurs Parc label !"},"content":{"rendered":"\n<p>Nous obtenons la marque \u00ab\u00a0Valeurs Parc\u00a0\u00bb !<\/p>\n\n<p>D\u00e9velopp\u00e9e par les Parcs naturels r\u00e9gionaux fran\u00e7ais, la marque met en lumi\u00e8re des produits, des savoir-faire, des services imagin\u00e9s et cr\u00e9\u00e9s par des hommes et des femmes qui s&#8217;engagent dans la pr\u00e9servation et la promotion du Vexin fran\u00e7ais.<\/p>\n\n<p>Nous respectons un cahier des charges avec des crit\u00e8res \u00e0 respecter au niveau environnemental, social et \u00e9conomique et nous nous engageons dans une\u00a0d\u00e9marche de progr\u00e8s.<\/p>\n\n<p>Choisir un produit, un h\u00e9bergement ou une prestation touristique b\u00e9n\u00e9ficiant de la marque \u00ab\u00a0Valeurs\u00a0Parc\u00a0\u00bb, c\u2019est favoriser les professionnels locaux impliqu\u00e9s dans le d\u00e9veloppement\u00a0durable de leur territoire. C\u2019est aussi l\u2019assurance d\u2019\u00eatre accueilli par des\u00a0professionnels qui connaissent bien le Parc naturel r\u00e9gional du Vexin fran\u00e7ais.<\/p>\n\n<p>Fi\u00e8re de ces patrimoines, nous nous engageons aux c\u00f4t\u00e9s du Parc dont nous partageons les valeurs.<\/p>\n\n<p><p>Le Parc naturel r\u00e9gional du Vexin fran\u00e7ais attribue sa marque \u00e0 des produits agricoles et des services tels que les h\u00e9bergements, les restaurants, les sorties accompagn\u00e9es et les sites de visite\u00a0: <a href=\"http:\/\/www.pnr-vexin-francais.fr\/fr\/decouverte-du-territoire\/marque-parc\/\" data-mce-href=\"http:\/\/www.pnr-vexin-francais.fr\/fr\/decouverte-du-territoire\/marque-parc\/\">http:\/\/www.pnr-vexin-francais.fr\/fr\/decouverte-du-territoire\/marque-parc\/<\/a><\/p><\/p>\n","protected":false},"excerpt":{"rendered":"<p>Nous obtenons la marque \u00ab\u00a0Valeurs Parc\u00a0\u00bb ! D\u00e9velopp\u00e9e par les Parcs naturels r\u00e9gionaux fran\u00e7ais, la marque met en lumi\u00e8re des produits, des savoir-faire, des services imagin\u00e9s et cr\u00e9\u00e9s par des hommes et des femmes qui s&#8217;engagent dans la pr\u00e9servation et la promotion du Vexin fran\u00e7ais. Nous respectons un cahier des charges avec des crit\u00e8res \u00e0&hellip;<\/p>\n","protected":false},"author":1,"featured_media":3360,"comment_status":"open","ping_status":"open","sticky":false,"template":"","format":"standard","meta":{"_exactmetrics_skip_tracking":false,"_exactmetrics_sitenote_active":false,"_exactmetrics_sitenote_note":"","_exactmetrics_sitenote_category":0,"footnotes":""},"categories":[28],"tags":[],"post_series":[],"class_list":["post-3351","post","type-post","status-publish","format-standard","has-post-thumbnail","hentry","category-non-classe-en","entry","has-media"],"yoast_head":"<!-- This site is optimized with the Yoast SEO plugin v25.1 - https:\/\/yoast.com\/wordpress\/plugins\/seo\/ -->\n<title>Our guest house obtains the Valeurs Parc label ! - Fontaine-Couture<\/title>\n<meta name=\"robots\" content=\"index, follow, max-snippet:-1, max-image-preview:large, max-video-preview:-1\" \/>\n<link rel=\"canonical\" href=\"https:\/\/www.fontainecouture.fr\/en\/valeurs-parc-guest-house\/\" \/>\n<meta property=\"og:locale\" content=\"en_US\" \/>\n<meta property=\"og:type\" content=\"article\" \/>\n<meta property=\"og:title\" content=\"Our guest house obtains the Valeurs Parc label ! - Fontaine-Couture\" \/>\n<meta property=\"og:description\" content=\"Nous obtenons la marque \u00ab\u00a0Valeurs Parc\u00a0\u00bb ! D\u00e9velopp\u00e9e par les Parcs naturels r\u00e9gionaux fran\u00e7ais, la marque met en lumi\u00e8re des produits, des savoir-faire, des services imagin\u00e9s et cr\u00e9\u00e9s par des hommes et des femmes qui s&#8217;engagent dans la pr\u00e9servation et la promotion du Vexin fran\u00e7ais. Nous respectons un cahier des charges avec des crit\u00e8res \u00e0&hellip;\" \/>\n<meta property=\"og:url\" content=\"https:\/\/www.fontainecouture.fr\/en\/valeurs-parc-guest-house\/\" \/>\n<meta property=\"og:site_name\" content=\"Fontaine-Couture\" \/>\n<meta property=\"article:published_time\" content=\"2021-06-27T14:48:56+00:00\" \/>\n<meta property=\"article:modified_time\" content=\"2021-06-27T14:49:00+00:00\" \/>\n<meta property=\"og:image\" content=\"https:\/\/www.fontainecouture.fr\/wp-content\/uploads\/2021\/06\/Sans-titre-1.png\" \/>\n\t<meta property=\"og:image:width\" content=\"800\" \/>\n\t<meta property=\"og:image:height\" content=\"550\" \/>\n\t<meta property=\"og:image:type\" content=\"image\/png\" \/>\n<meta name=\"author\" content=\"Marie-No\u00eblle\" \/>\n<meta name=\"twitter:card\" content=\"summary_large_image\" \/>\n<meta name=\"twitter:label1\" content=\"Written by\" \/>\n\t<meta name=\"twitter:data1\" content=\"Marie-No\u00eblle\" \/>\n\t<meta name=\"twitter:label2\" content=\"Est. reading time\" \/>\n\t<meta name=\"twitter:data2\" content=\"1 minute\" \/>\n<script type=\"application\/ld+json\" class=\"yoast-schema-graph\">{\"@context\":\"https:\/\/schema.org\",\"@graph\":[{\"@type\":\"WebPage\",\"@id\":\"https:\/\/www.fontainecouture.fr\/en\/valeurs-parc-guest-house\/\",\"url\":\"https:\/\/www.fontainecouture.fr\/en\/valeurs-parc-guest-house\/\",\"name\":\"Our guest house obtains the Valeurs Parc label ! - Fontaine-Couture\",\"isPartOf\":{\"@id\":\"https:\/\/www.fontainecouture.fr\/#website\"},\"primaryImageOfPage\":{\"@id\":\"https:\/\/www.fontainecouture.fr\/en\/valeurs-parc-guest-house\/#primaryimage\"},\"image\":{\"@id\":\"https:\/\/www.fontainecouture.fr\/en\/valeurs-parc-guest-house\/#primaryimage\"},\"thumbnailUrl\":\"https:\/\/www.fontainecouture.fr\/wp-content\/uploads\/2021\/06\/Sans-titre-1.png\",\"datePublished\":\"2021-06-27T14:48:56+00:00\",\"dateModified\":\"2021-06-27T14:49:00+00:00\",\"author\":{\"@id\":\"https:\/\/www.fontainecouture.fr\/#\/schema\/person\/48ffe7d5295a15d3f02b17e7eccea07f\"},\"breadcrumb\":{\"@id\":\"https:\/\/www.fontainecouture.fr\/en\/valeurs-parc-guest-house\/#breadcrumb\"},\"inLanguage\":\"en-US\",\"potentialAction\":[{\"@type\":\"ReadAction\",\"target\":[\"https:\/\/www.fontainecouture.fr\/en\/valeurs-parc-guest-house\/\"]}]},{\"@type\":\"ImageObject\",\"inLanguage\":\"en-US\",\"@id\":\"https:\/\/www.fontainecouture.fr\/en\/valeurs-parc-guest-house\/#primaryimage\",\"url\":\"https:\/\/www.fontainecouture.fr\/wp-content\/uploads\/2021\/06\/Sans-titre-1.png\",\"contentUrl\":\"https:\/\/www.fontainecouture.fr\/wp-content\/uploads\/2021\/06\/Sans-titre-1.png\",\"width\":800,\"height\":550},{\"@type\":\"BreadcrumbList\",\"@id\":\"https:\/\/www.fontainecouture.fr\/en\/valeurs-parc-guest-house\/#breadcrumb\",\"itemListElement\":[{\"@type\":\"ListItem\",\"position\":1,\"name\":\"Accueil\",\"item\":\"https:\/\/www.fontainecouture.fr\/en\/fontaine-couture-a-halt-in-themericourt-france\/\"},{\"@type\":\"ListItem\",\"position\":2,\"name\":\"Our guest house obtains the Valeurs Parc label !\"}]},{\"@type\":\"WebSite\",\"@id\":\"https:\/\/www.fontainecouture.fr\/#website\",\"url\":\"https:\/\/www.fontainecouture.fr\/\",\"name\":\"Fontaine-Couture\",\"description\":\"G\u00eete d&#039;\u00e9tape \u00e0 Th\u00e9m\u00e9ricourt\",\"potentialAction\":[{\"@type\":\"SearchAction\",\"target\":{\"@type\":\"EntryPoint\",\"urlTemplate\":\"https:\/\/www.fontainecouture.fr\/?s={search_term_string}\"},\"query-input\":{\"@type\":\"PropertyValueSpecification\",\"valueRequired\":true,\"valueName\":\"search_term_string\"}}],\"inLanguage\":\"en-US\"},{\"@type\":\"Person\",\"@id\":\"https:\/\/www.fontainecouture.fr\/#\/schema\/person\/48ffe7d5295a15d3f02b17e7eccea07f\",\"name\":\"Marie-No\u00eblle\",\"image\":{\"@type\":\"ImageObject\",\"inLanguage\":\"en-US\",\"@id\":\"https:\/\/www.fontainecouture.fr\/#\/schema\/person\/image\/\",\"url\":\"https:\/\/secure.gravatar.com\/avatar\/4313b95bd13b7ec6f5b9821dd8f8393e?s=96&d=mm&r=g\",\"contentUrl\":\"https:\/\/secure.gravatar.com\/avatar\/4313b95bd13b7ec6f5b9821dd8f8393e?s=96&d=mm&r=g\",\"caption\":\"Marie-No\u00eblle\"}}]}<\/script>\n<!-- \/ Yoast SEO plugin. -->","yoast_head_json":{"title":"Our guest house obtains the Valeurs Parc label ! - Fontaine-Couture","robots":{"index":"index","follow":"follow","max-snippet":"max-snippet:-1","max-image-preview":"max-image-preview:large","max-video-preview":"max-video-preview:-1"},"canonical":"https:\/\/www.fontainecouture.fr\/en\/valeurs-parc-guest-house\/","og_locale":"en_US","og_type":"article","og_title":"Our guest house obtains the Valeurs Parc label ! - Fontaine-Couture","og_description":"Nous obtenons la marque \u00ab\u00a0Valeurs Parc\u00a0\u00bb ! D\u00e9velopp\u00e9e par les Parcs naturels r\u00e9gionaux fran\u00e7ais, la marque met en lumi\u00e8re des produits, des savoir-faire, des services imagin\u00e9s et cr\u00e9\u00e9s par des hommes et des femmes qui s&#8217;engagent dans la pr\u00e9servation et la promotion du Vexin fran\u00e7ais. Nous respectons un cahier des charges avec des crit\u00e8res \u00e0&hellip;","og_url":"https:\/\/www.fontainecouture.fr\/en\/valeurs-parc-guest-house\/","og_site_name":"Fontaine-Couture","article_published_time":"2021-06-27T14:48:56+00:00","article_modified_time":"2021-06-27T14:49:00+00:00","og_image":[{"width":800,"height":550,"url":"https:\/\/www.fontainecouture.fr\/wp-content\/uploads\/2021\/06\/Sans-titre-1.png","type":"image\/png"}],"author":"Marie-No\u00eblle","twitter_card":"summary_large_image","twitter_misc":{"Written by":"Marie-No\u00eblle","Est. reading time":"1 minute"},"schema":{"@context":"https:\/\/schema.org","@graph":[{"@type":"WebPage","@id":"https:\/\/www.fontainecouture.fr\/en\/valeurs-parc-guest-house\/","url":"https:\/\/www.fontainecouture.fr\/en\/valeurs-parc-guest-house\/","name":"Our guest house obtains the Valeurs Parc label ! - Fontaine-Couture","isPartOf":{"@id":"https:\/\/www.fontainecouture.fr\/#website"},"primaryImageOfPage":{"@id":"https:\/\/www.fontainecouture.fr\/en\/valeurs-parc-guest-house\/#primaryimage"},"image":{"@id":"https:\/\/www.fontainecouture.fr\/en\/valeurs-parc-guest-house\/#primaryimage"},"thumbnailUrl":"https:\/\/www.fontainecouture.fr\/wp-content\/uploads\/2021\/06\/Sans-titre-1.png","datePublished":"2021-06-27T14:48:56+00:00","dateModified":"2021-06-27T14:49:00+00:00","author":{"@id":"https:\/\/www.fontainecouture.fr\/#\/schema\/person\/48ffe7d5295a15d3f02b17e7eccea07f"},"breadcrumb":{"@id":"https:\/\/www.fontainecouture.fr\/en\/valeurs-parc-guest-house\/#breadcrumb"},"inLanguage":"en-US","potentialAction":[{"@type":"ReadAction","target":["https:\/\/www.fontainecouture.fr\/en\/valeurs-parc-guest-house\/"]}]},{"@type":"ImageObject","inLanguage":"en-US","@id":"https:\/\/www.fontainecouture.fr\/en\/valeurs-parc-guest-house\/#primaryimage","url":"https:\/\/www.fontainecouture.fr\/wp-content\/uploads\/2021\/06\/Sans-titre-1.png","contentUrl":"https:\/\/www.fontainecouture.fr\/wp-content\/uploads\/2021\/06\/Sans-titre-1.png","width":800,"height":550},{"@type":"BreadcrumbList","@id":"https:\/\/www.fontainecouture.fr\/en\/valeurs-parc-guest-house\/#breadcrumb","itemListElement":[{"@type":"ListItem","position":1,"name":"Accueil","item":"https:\/\/www.fontainecouture.fr\/en\/fontaine-couture-a-halt-in-themericourt-france\/"},{"@type":"ListItem","position":2,"name":"Our guest house obtains the Valeurs Parc label !"}]},{"@type":"WebSite","@id":"https:\/\/www.fontainecouture.fr\/#website","url":"https:\/\/www.fontainecouture.fr\/","name":"Fontaine-Couture","description":"G\u00eete d&#039;\u00e9tape \u00e0 Th\u00e9m\u00e9ricourt","potentialAction":[{"@type":"SearchAction","target":{"@type":"EntryPoint","urlTemplate":"https:\/\/www.fontainecouture.fr\/?s={search_term_string}"},"query-input":{"@type":"PropertyValueSpecification","valueRequired":true,"valueName":"search_term_string"}}],"inLanguage":"en-US"},{"@type":"Person","@id":"https:\/\/www.fontainecouture.fr\/#\/schema\/person\/48ffe7d5295a15d3f02b17e7eccea07f","name":"Marie-No\u00eblle","image":{"@type":"ImageObject","inLanguage":"en-US","@id":"https:\/\/www.fontainecouture.fr\/#\/schema\/person\/image\/","url":"https:\/\/secure.gravatar.com\/avatar\/4313b95bd13b7ec6f5b9821dd8f8393e?s=96&d=mm&r=g","contentUrl":"https:\/\/secure.gravatar.com\/avatar\/4313b95bd13b7ec6f5b9821dd8f8393e?s=96&d=mm&r=g","caption":"Marie-No\u00eblle"}}]}},"_links":{"self":[{"href":"https:\/\/www.fontainecouture.fr\/en\/wp-json\/wp\/v2\/posts\/3351"}],"collection":[{"href":"https:\/\/www.fontainecouture.fr\/en\/wp-json\/wp\/v2\/posts"}],"about":[{"href":"https:\/\/www.fontainecouture.fr\/en\/wp-json\/wp\/v2\/types\/post"}],"author":[{"embeddable":true,"href":"https:\/\/www.fontainecouture.fr\/en\/wp-json\/wp\/v2\/users\/1"}],"replies":[{"embeddable":true,"href":"https:\/\/www.fontainecouture.fr\/en\/wp-json\/wp\/v2\/comments?post=3351"}],"version-history":[{"count":0,"href":"https:\/\/www.fontainecouture.fr\/en\/wp-json\/wp\/v2\/posts\/3351\/revisions"}],"wp:featuredmedia":[{"embeddable":true,"href":"https:\/\/www.fontainecouture.fr\/en\/wp-json\/wp\/v2\/media\/3360"}],"wp:attachment":[{"href":"https:\/\/www.fontainecouture.fr\/en\/wp-json\/wp\/v2\/media?parent=3351"}],"wp:term":[{"taxonomy":"category","embeddable":true,"href":"https:\/\/www.fontainecouture.fr\/en\/wp-json\/wp\/v2\/categories?post=3351"},{"taxonomy":"post_tag","embeddable":true,"href":"https:\/\/www.fontainecouture.fr\/en\/wp-json\/wp\/v2\/tags?post=3351"},{"taxonomy":"post_series","embeddable":true,"href":"https:\/\/www.fontainecouture.fr\/en\/wp-json\/wp\/v2\/post_series?post=3351"}],"curies":[{"name":"wp","href":"https:\/\/api.w.org\/{rel}","templated":true}]}}